{"id":59181,"date":"2022-06-09T14:11:30","date_gmt":"2022-06-09T12:11:30","guid":{"rendered":"https:\/\/www.donat.com\/?p=59181"},"modified":"2023-11-09T14:12:15","modified_gmt":"2023-11-09T12:12:15","slug":"einfluss-der-mikrobiota-auf-die-allgemeine-gesundheit","status":"publish","type":"post","link":"https:\/\/www.donat.com\/at\/einfluss-der-mikrobiota-auf-die-allgemeine-gesundheit\/","title":{"rendered":"Einfluss der Mikrobiota auf die allgemeine Gesundheit"},"content":{"rendered":"\n<p>Studien der letzten Jahre haben gezeigt, wie \u00fcberaus wichtig die Mikrobengemeinschaft f\u00fcr den menschlichen Gesundheitszustand ist.[1,2,3,4] Auf die qualitative und quantitive Zusammensetzung der Darmmikrobiota wirken viele Faktoren ein, unter anderem die Essgewohnheiten und die Lebensweise. Eine gest\u00f6rte Darmmikroflora schw\u00e4cht die Antwort des Immunsystems, beg\u00fcnstigt die Entstehung von Stoffwechselst\u00f6rungen und ruft allergische Reaktionen hervor.[3,4] Mit Hilfe moderner Diagnostikmethoden ist es m\u00f6glich, die gesamte Funktion der Gene zahlreicher Vertreter der Darmmikrobiota aufzudecken. Mit Hilfe wissenschaftlicher Untersuchungen versuchen wir die Zusammenh\u00e4nge zwischen Funktionsst\u00f6rungen bei Ver\u00e4nderungen der Darmbiota und verschiedenen Krankheiten zu ermitteln. Das Profil der Darmgemeinschaft ist bei jedem anders, doch besteht sie zu 75 % aus Bakterien der St\u00e4mme Verrucomicrobia, Firmicutes, Bacteroides, Fusibacteria, Proteobacteria und Actinobacteria.[5] Bestimmt wird sie durch das Genom der jeweiligen Person.[6] Die menschliche Gesundheit und die allgemeine Hom\u00f6ostase wird von einigen der wichtigsten Vertreter der grampositiven anaeroben Mikroflora erm\u00f6glicht: den Laktobacillen und den Bifidobakterien. Wenn genug davon vorhanden sind, verhindern sie die Ansiedlung einer fremden Mikroflora im Darm.[7] Das Darmmikrobiom wirkt sich auch auf die Funktion der Achse Mikrobiota\u2013Darm\u2013Gerhirn aus, und zwar indem es die Funktion der nicht-spezifischen Immunit\u00e4t sowie des Hormon-, Nerven- und Immunsystems anregt.[8]<\/p>\n\n\n\n<p><strong><strong>Abb. 1 Funktion der normalen Darmmikroflora[11]<\/strong><\/strong><\/p>\n\n\n<div class=\"wp-block-image\">\n<figure class=\"aligncenter size-full\"><img loading=\"lazy\" decoding=\"async\" width=\"792\" height=\"633\" src=\"https:\/\/www.donat.com\/wp-content\/uploads\/2022\/02\/DE-Medical.png\" alt=\"\" class=\"wp-image-59182\" srcset=\"https:\/\/www.donat.com\/wp-content\/uploads\/2022\/02\/DE-Medical.png 792w, https:\/\/www.donat.com\/wp-content\/uploads\/2022\/02\/DE-Medical-300x240.png 300w, https:\/\/www.donat.com\/wp-content\/uploads\/2022\/02\/DE-Medical-125x100.png 125w, https:\/\/www.donat.com\/wp-content\/uploads\/2022\/02\/DE-Medical-750x599.png 750w\" sizes=\"auto, (max-width: 792px) 100vw, 792px\" \/><\/figure>\n<\/div>\n\n\n<p>Zahlreiche endokrine und psychovegetative St\u00f6rungen h\u00e4ngen unter anderem mit Magnesiummangel und Magnesiumabsorptionsst\u00f6rungen zusammen.[9] In einer zwischen 2013 und 2016 durchgef\u00fchrten Studie haben wir im Laufe instrumenteller, laboratorischer und klinischer Beobachtungen von Kindern und Jugendlichen (134 Personen im Alter zwischen 10 und 18 Jahren) festgestellt, dass ein Magnesiummangel mit funktioneller Verstopfung zusammenh\u00e4ngt.[10] St\u00f6rungen der Energie-, Neurochemie- und Stoffwechselprozesse in den Zellen des zentralen und vegetativen Nervensystems verursachen psychische und emotionale St\u00f6rungen sowie St\u00f6rungen bei den Anpassungsprozessen, des Weiteren verursachen sie auch funktionelle St\u00f6rungen in Form von Verstopfung. Bei der erw\u00e4hnten Gruppe von Patienten haben sich durch den Genuss von  Donat Mg Mineralwasser in einer Gesamttagesmenge von 300 bis 500 ml, und zwar dreimal t\u00e4glich 20 Minuten vor dem Essen, \u00fcber einen Zeitraum von 18 Tagen die Funktion des Gastrointestinaltrakts stabilisiert, die Funktionsm\u00f6glichkeiten des zentralen und vegetativen Nervensystems verbessert und die Anpassungsf\u00e4higkeiten des Organismus gest\u00e4rkt. All das hat wiederum die Hom\u00f6ostase und das dynamische Gleichgewicht der Darm-Hirn-Achse stabilisiert.<\/p>\n\n\n<div class=\"wp-block-image\">\n<figure class=\"aligncenter size-full\"><img loading=\"lazy\" decoding=\"async\" width=\"400\" height=\"720\" src=\"https:\/\/www.donat.com\/wp-content\/uploads\/2023\/11\/bottle-au-05L.png\" alt=\"\" class=\"wp-image-189879\" srcset=\"https:\/\/www.donat.com\/wp-content\/uploads\/2023\/11\/bottle-au-05L.png 400w, https:\/\/www.donat.com\/wp-content\/uploads\/2023\/11\/bottle-au-05L-167x300.png 167w, https:\/\/www.donat.com\/wp-content\/uploads\/2023\/11\/bottle-au-05L-56x100.png 56w\" sizes=\"auto, (max-width: 400px) 100vw, 400px\" \/><\/figure>\n<\/div>\n\n\n<h3 class=\"wp-block-heading\" id=\"literaturverzeichnis\">Literaturverzeichnis<\/h3>\n\n\n\n<ol class=\"wp-block-list\">\n<li>Borre Y.E., Moloney R.D., Clarke G., Dinan T.G., Cryan J.F. The impact of microbiota on brain and behavior: mechanisms and therapeutic potential \/\/ Adv. Exper. Med. Biol., 2014, I. 817, P. 373\u2013403.<\/li>\n\n\n\n<li>Young V.B. The intestinal microbiota in health and disease \/\/ Opin. Gastroenterol., 2012, I. 28, P. 63\u201369.<\/li>\n\n\n\n<li>Tilg H., Kaser A. Gut microbiome, obesity, and metabolic dysfunction \/\/ J. Clin. Invest., 2011, I. 121, P. 2126\u20132132.<\/li>\n\n\n\n<li>Kelsen J.R., Wu G.D. The gut microbiota, environment and diseases of modern society \/\/ Gut Microbes, 2012, I. 3, P. 374\u2013382.<\/li>\n\n\n\n<li>Arumugam M., Raes J., Pelletier E., Le Paslier D., et al. Enterotypes of the human gut microbiome \/\/ Nature, 2011, I. 473, P. 174\u2013180.<\/li>\n\n\n\n<li>Turnbaugh P.J., Hamady M., Yatsunenko T., Cantarel B.L., Duncan A., Ley R.E., Sogin M.L., Jones W.J., Roe B.A., Affourtit J.P., Egholm M., Henrissat B., Heath A.C., Knight R., Gordon J.I. A core gut microbiome in obese and lean twins \/\/ Nature, 2009, I. 457, P. 480\u2013484.<\/li>\n\n\n\n<li>Vandenplas Y., Huys G., Daube G. Probiotics: an update \/\/ J. Pediatr. (Rio J.), 2015, I. 91, P. 6\u201321.<\/li>\n\n\n\n<li>Stilling R.M., Dinan T.G., Cryan J.F. Microbes do have a significant impact on epigenetic regulation in the host\u2019s gut epithelium and immune system, microbial genes, brain and behaviour-epigenetic regulation of the gut-brain axis \/\/ Genes Brain Behav., 2014, I. 13, P. 69\u201386.<\/li>\n\n\n\n<li>\u0421\u0435\u043c\u0438\u0433\u043e\u043b\u043e\u0432\u0441\u043a\u0438\u0439 \u041d.\u042e. \u0414\u0435\u0444\u0438\u0446\u0438\u0442 \u043c\u0430\u0433\u043d\u0438\u044f \u043a\u0430\u043a \u043e\u0431\u0449\u0435\u043c\u0435\u0434\u0438\u0446\u0438\u043d\u0441\u043a\u0430\u044f \u043f\u0440\u043e\u0431\u043b\u0435\u043c\u0430. \u0422\u0440\u0443\u0434\u043d\u044b\u0439 \u043f\u0430\u0446\u0438\u0435\u043d\u0442. 2008;7: 31\u201335.<\/li>\n\n\n\n<li>\u0417\u0430\u0445\u0430\u0440\u043e\u0432\u0430 \u0418.\u041d. \u0420\u043e\u043b\u044c \u0434\u0435\u0444\u0438\u0446\u0438\u0442\u0430 \u043c\u0430\u0433\u043d\u0438\u044f \u0432 \u0444\u043e\u0440\u043c\u0438\u0440\u043e\u0432\u0430\u043d\u0438\u0438 \u0444\u0443\u043d\u043a\u0446\u0438\u043e\u043d\u0430\u043b\u044c\u043d\u043e\u0433\u043e \u0437\u0430\u043f\u043e\u0440\u0430 \u0443 \u0434\u0435\u0442\u0435\u0439 \u0438 \u043f\u043e\u0434\u0440\u043e\u0441\u0442\u043a\u043e\u0432 \/ \u0418.\u041d. \u0417\u0430\u0445\u0430\u0440\u043e\u0432\u0430, \u0422.\u041c. \u0422\u0432\u043e\u0440\u043e\u0433\u043e\u0432\u0430, \u041b.\u041b. \u0421\u0442\u0435\u043f\u0443\u0440\u0438\u043d\u0430, \u041b.\u0418. \u0415\u043b\u0435\u0437\u043e\u0432\u0430 \/\/ \u041c\u0435\u0434\u0438\u0446\u0438\u043d\u0441\u043a\u0438\u0439 \u0441\u043e\u0432\u0435\u0442. \u2013 2019. \u2013 \u211611. \u2013 \u0421. 16\u201324.<\/li>\n\n\n\n<li>Romanchuk N.P., Romanchuk P.I. (2019). Neurophysiology and neurorehabilitation of cognitive disorders and disorders \/\/ Bulletin of Science and Practice, I. 5(11), P. 176\u2013196. (https:\/\/doi.org\/10.33619\/2414-2948\/48\/19 (in Russian)).<\/li>\n<\/ol>\n","protected":false},"excerpt":{"rendered":"<p>Studien der letzten Jahre haben gezeigt, wie \u00fcberaus wichtig die Mikrobengemeinschaft f\u00fcr den menschlichen Gesundheitszustand ist.[1,2,3,4] Auf die qualitative und quantitive Zusammensetzung der Darmmikrobiota wirken viele Faktoren ein, unter anderem die Essgewohnheiten und die Lebensweise. Eine gest\u00f6rte Darmmikroflora schw\u00e4cht die Antwort des Immunsystems, beg\u00fcnstigt die Entstehung von Stoffwechselst\u00f6rungen und ruft allergische Reaktionen hervor.[3,4] Mit Hilfe <a href=\"https:\/\/www.donat.com\/at\/einfluss-der-mikrobiota-auf-die-allgemeine-gesundheit\/\" class=\"more-link\">&#8230;<\/a><\/p>\n","protected":false},"author":5,"featured_media":95904,"comment_status":"closed","ping_status":"closed","sticky":false,"template":"","format":"standard","meta":{"_acf_changed":false,"footnotes":""},"categories":[148],"tags":[],"class_list":["post-59181","post","type-post","status-publish","format-standard","has-post-thumbnail","hentry","category-medical-at"],"acf":[],"_links":{"self":[{"href":"https:\/\/www.donat.com\/at\/wp-json\/wp\/v2\/posts\/59181","targetHints":{"allow":["GET"]}}],"collection":[{"href":"https:\/\/www.donat.com\/at\/wp-json\/wp\/v2\/posts"}],"about":[{"href":"https:\/\/www.donat.com\/at\/wp-json\/wp\/v2\/types\/post"}],"author":[{"embeddable":true,"href":"https:\/\/www.donat.com\/at\/wp-json\/wp\/v2\/users\/5"}],"replies":[{"embeddable":true,"href":"https:\/\/www.donat.com\/at\/wp-json\/wp\/v2\/comments?post=59181"}],"version-history":[{"count":5,"href":"https:\/\/www.donat.com\/at\/wp-json\/wp\/v2\/posts\/59181\/revisions"}],"predecessor-version":[{"id":189897,"href":"https:\/\/www.donat.com\/at\/wp-json\/wp\/v2\/posts\/59181\/revisions\/189897"}],"wp:featuredmedia":[{"embeddable":true,"href":"https:\/\/www.donat.com\/at\/wp-json\/wp\/v2\/media\/95904"}],"wp:attachment":[{"href":"https:\/\/www.donat.com\/at\/wp-json\/wp\/v2\/media?parent=59181"}],"wp:term":[{"taxonomy":"category","embeddable":true,"href":"https:\/\/www.donat.com\/at\/wp-json\/wp\/v2\/categories?post=59181"},{"taxonomy":"post_tag","embeddable":true,"href":"https:\/\/www.donat.com\/at\/wp-json\/wp\/v2\/tags?post=59181"}],"curies":[{"name":"wp","href":"https:\/\/api.w.org\/{rel}","templated":true}]}}